{"id":76729,"date":"2024-07-09T09:31:09","date_gmt":"2024-07-09T07:31:09","guid":{"rendered":"https:\/\/www.clinicamanzanera.com\/uncategorized\/antes-y-despues-carillas-de-composite\/"},"modified":"2024-07-09T10:58:26","modified_gmt":"2024-07-09T08:58:26","slug":"before-and-after-composite-veneers","status":"publish","type":"post","link":"https:\/\/www.clinicamanzanera.com\/en\/treated-cases\/before-and-after-composite-veneers\/","title":{"rendered":"Before and After: Composite Veneers &#8211; Case 78"},"content":{"rendered":"\t\t<div data-elementor-type=\"wp-post\" data-elementor-id=\"76729\" class=\"elementor elementor-76729 elementor-76695\" data-elementor-post-type=\"post\">\n\t\t\t\t\t\t<section class=\"elementor-section elementor-top-section elementor-element elementor-element-648a669 elementor-section-boxed elementor-section-height-default elementor-section-height-default\" data-id=\"648a669\" data-element_type=\"section\" data-e-type=\"section\">\n\t\t\t\t\t\t<div class=\"elementor-container elementor-column-gap-default\">\n\t\t\t\t\t<div class=\"elementor-column elementor-col-100 elementor-top-column elementor-element elementor-element-19b12f4\" data-id=\"19b12f4\" data-element_type=\"column\" data-e-type=\"column\">\n\t\t\t<div class=\"elementor-widget-wrap elementor-element-populated\">\n\t\t\t\t\t\t<div class=\"elementor-element elementor-element-8b55d9e elementor-widget elementor-widget-text-editor\" data-id=\"8b55d9e\" data-element_type=\"widget\" data-e-type=\"widget\" data-widget_type=\"text-editor.default\">\n\t\t\t\t<div class=\"elementor-widget-container\">\n\t\t\t\t\t\t\t\t\t<p>At Cl\u00ednica Manzanera, we pride ourselves on transforming smiles and restoring confidence to our patients. Below, we present a before and after case that illustrates the significant impact of our composite veneers and teeth whitening treatment.\u00a0<\/p>\t\t\t\t\t\t\t\t<\/div>\n\t\t\t\t<\/div>\n\t\t\t\t<div class=\"elementor-element elementor-element-5594ad5 elementor-widget elementor-widget-heading\" data-id=\"5594ad5\" data-element_type=\"widget\" data-e-type=\"widget\" data-widget_type=\"heading.default\">\n\t\t\t\t<div class=\"elementor-widget-container\">\n\t\t\t\t\t<div id=\"ez-toc-container\" class=\"ez-toc-v2_0_82_2 counter-hierarchy ez-toc-counter ez-toc-grey ez-toc-container-direction\">\n<div class=\"ez-toc-title-container\">\n<p class=\"ez-toc-title\" style=\"cursor:inherit\">\u00cdndice de contenidos<\/p>\n<span class=\"ez-toc-title-toggle\"><a href=\"#\" class=\"ez-toc-pull-right ez-toc-btn ez-toc-btn-xs ez-toc-btn-default ez-toc-toggle\" aria-label=\"Toggle Table of Content\"><span class=\"ez-toc-js-icon-con\"><span class=\"\"><span class=\"eztoc-hide\" style=\"display:none;\">Toggle<\/span><span class=\"ez-toc-icon-toggle-span\"><svg style=\"fill: #999;color:#999\" xmlns=\"http:\/\/www.w3.org\/2000\/svg\" class=\"list-377408\" width=\"20px\" height=\"20px\" viewBox=\"0 0 24 24\" fill=\"none\"><path d=\"M6 6H4v2h2V6zm14 0H8v2h12V6zM4 11h2v2H4v-2zm16 0H8v2h12v-2zM4 16h2v2H4v-2zm16 0H8v2h12v-2z\" fill=\"currentColor\"><\/path><\/svg><svg style=\"fill: #999;color:#999\" class=\"arrow-unsorted-368013\" xmlns=\"http:\/\/www.w3.org\/2000\/svg\" width=\"10px\" height=\"10px\" viewBox=\"0 0 24 24\" version=\"1.2\" baseProfile=\"tiny\"><path d=\"M18.2 9.3l-6.2-6.3-6.2 6.3c-.2.2-.3.4-.3.7s.1.5.3.7c.2.2.4.3.7.3h11c.3 0 .5-.1.7-.3.2-.2.3-.5.3-.7s-.1-.5-.3-.7zM5.8 14.7l6.2 6.3 6.2-6.3c.2-.2.3-.5.3-.7s-.1-.5-.3-.7c-.2-.2-.4-.3-.7-.3h-11c-.3 0-.5.1-.7.3-.2.2-.3.5-.3.7s.1.5.3.7z\"\/><\/svg><\/span><\/span><\/span><\/a><\/span><\/div>\n<nav><ul class='ez-toc-list ez-toc-list-level-1 eztoc-toggle-hide-by-default' ><ul class='ez-toc-list-level-3' ><li class='ez-toc-heading-level-3'><a class=\"ez-toc-link ez-toc-heading-1\" href=\"https:\/\/www.clinicamanzanera.com\/en\/treated-cases\/before-and-after-composite-veneers\/#Success_Story_Composite_Veneers_at_Clinica_Manzanera_Alcacer\" >Success Story: Composite Veneers at Cl\u00ednica Manzanera, Alc\u00e1cer<\/a><\/li><\/ul><\/li><li class='ez-toc-page-1 ez-toc-heading-level-2'><a class=\"ez-toc-link ez-toc-heading-2\" href=\"https:\/\/www.clinicamanzanera.com\/en\/treated-cases\/before-and-after-composite-veneers\/#Initial_Situation\" >Initial Situation<\/a><\/li><li class='ez-toc-page-1 ez-toc-heading-level-2'><a class=\"ez-toc-link ez-toc-heading-3\" href=\"https:\/\/www.clinicamanzanera.com\/en\/treated-cases\/before-and-after-composite-veneers\/#Composite_Veneers\" >Composite Veneers<\/a><\/li><li class='ez-toc-page-1 ez-toc-heading-level-2'><a class=\"ez-toc-link ez-toc-heading-4\" href=\"https:\/\/www.clinicamanzanera.com\/en\/treated-cases\/before-and-after-composite-veneers\/#Teeth_Whitening\" >Teeth Whitening<\/a><ul class='ez-toc-list-level-3' ><li class='ez-toc-heading-level-3'><a class=\"ez-toc-link ez-toc-heading-5\" href=\"https:\/\/www.clinicamanzanera.com\/en\/treated-cases\/before-and-after-composite-veneers\/#Final_Smile\" >Final Smile<\/a><\/li><\/ul><\/li><li class='ez-toc-page-1 ez-toc-heading-level-2'><a class=\"ez-toc-link ez-toc-heading-6\" href=\"https:\/\/www.clinicamanzanera.com\/en\/treated-cases\/before-and-after-composite-veneers\/#Treatment_Performed\" >Treatment Performed<\/a><\/li><\/ul><\/nav><\/div>\n<h3 class=\"elementor-heading-title elementor-size-default\"><span class=\"ez-toc-section\" id=\"Success_Story_Composite_Veneers_at_Clinica_Manzanera_Alcacer\"><\/span>Success Story: Composite Veneers at Cl\u00ednica Manzanera, Alc\u00e1cer\n\n<span class=\"ez-toc-section-end\"><\/span><\/h3>\t\t\t\t<\/div>\n\t\t\t\t<\/div>\n\t\t\t\t\t<\/div>\n\t\t<\/div>\n\t\t\t\t\t<\/div>\n\t\t<\/section>\n\t\t<div class=\"elementor-element elementor-element-2b327d9 e-flex e-con-boxed e-con e-parent\" data-id=\"2b327d9\" data-element_type=\"container\" data-e-type=\"container\" data-settings=\"{&quot;background_background&quot;:&quot;classic&quot;}\">\n\t\t\t\t\t<div class=\"e-con-inner\">\n\t\t\t\t<div class=\"elementor-element elementor-element-c76eb06 elementor-widget elementor-widget-heading\" data-id=\"c76eb06\" data-element_type=\"widget\" data-e-type=\"widget\" data-widget_type=\"heading.default\">\n\t\t\t\t<div class=\"elementor-widget-container\">\n\t\t\t\t\t<h2 class=\"elementor-heading-title elementor-size-default\"><span class=\"ez-toc-section\" id=\"Initial_Situation\"><\/span>Initial Situation\n<span class=\"ez-toc-section-end\"><\/span><\/h2>\t\t\t\t<\/div>\n\t\t\t\t<\/div>\n\t\t\t\t<div class=\"elementor-element elementor-element-8fa2fcc elementor-widget elementor-widget-text-editor\" data-id=\"8fa2fcc\" data-element_type=\"widget\" data-e-type=\"widget\" data-widget_type=\"text-editor.default\">\n\t\t\t\t<div class=\"elementor-widget-container\">\n\t\t\t\t\t\t\t\t\t<p>In the initial image, you can observe a smile with aesthetic and functional issues. Our patient had gaps between their teeth (diastemas), dental wear, and uneven alignment, which affected both the aesthetics and functionality of their smile.\u00a0<\/p>\t\t\t\t\t\t\t\t<\/div>\n\t\t\t\t<\/div>\n\t\t<div class=\"elementor-element elementor-element-6a9d284 e-con-full e-flex e-con e-child\" data-id=\"6a9d284\" data-element_type=\"container\" data-e-type=\"container\">\n\t\t\t\t<div class=\"elementor-element elementor-element-f336e5f elementor-widget__width-initial elementor-widget elementor-widget-image\" data-id=\"f336e5f\" data-element_type=\"widget\" data-e-type=\"widget\" data-widget_type=\"image.default\">\n\t\t\t\t<div class=\"elementor-widget-container\">\n\t\t\t\t\t\t\t\t\t\t\t\t<figure class=\"wp-caption\">\n\t\t\t\t\t\t\t\t\t\t\t<a href=\"https:\/\/www.clinicamanzanera.com\/wp-content\/uploads\/2024\/07\/caso-resuelto-diastema-antes.jpg\" data-elementor-open-lightbox=\"yes\" data-elementor-lightbox-title=\"caso resuelto diastema antes\" data-e-action-hash=\"#elementor-action%3Aaction%3Dlightbox%26settings%3DeyJpZCI6NzY3MTEsInVybCI6Imh0dHBzOlwvXC93d3cuY2xpbmljYW1hbnphbmVyYS5jb21cL3dwLWNvbnRlbnRcL3VwbG9hZHNcLzIwMjRcLzA3XC9jYXNvLXJlc3VlbHRvLWRpYXN0ZW1hLWFudGVzLmpwZyJ9\">\n\t\t\t\t\t\t\t<img fetchpriority=\"high\" decoding=\"async\" width=\"800\" height=\"520\" src=\"https:\/\/www.clinicamanzanera.com\/wp-content\/uploads\/2024\/07\/caso-resuelto-diastema-antes-1024x666.jpg\" class=\"attachment-large size-large wp-image-76711\" alt=\"caso resuelto diastema antes\" srcset=\"https:\/\/www.clinicamanzanera.com\/wp-content\/uploads\/2024\/07\/caso-resuelto-diastema-antes-1024x666.jpg 1024w, https:\/\/www.clinicamanzanera.com\/wp-content\/uploads\/2024\/07\/caso-resuelto-diastema-antes-640x416.jpg 640w, https:\/\/www.clinicamanzanera.com\/wp-content\/uploads\/2024\/07\/caso-resuelto-diastema-antes-768x499.jpg 768w, https:\/\/www.clinicamanzanera.com\/wp-content\/uploads\/2024\/07\/caso-resuelto-diastema-antes.jpg 1200w\" sizes=\"(max-width: 800px) 100vw, 800px\" \/>\t\t\t\t\t\t\t\t<\/a>\n\t\t\t\t\t\t\t\t\t\t\t<figcaption class=\"widget-image-caption wp-caption-text\">BEFORE<\/figcaption>\n\t\t\t\t\t\t\t\t\t\t<\/figure>\n\t\t\t\t\t\t\t\t\t<\/div>\n\t\t\t\t<\/div>\n\t\t\t\t<div class=\"elementor-element elementor-element-60c7850 elementor-widget__width-initial elementor-widget elementor-widget-image\" data-id=\"60c7850\" data-element_type=\"widget\" data-e-type=\"widget\" data-widget_type=\"image.default\">\n\t\t\t\t<div class=\"elementor-widget-container\">\n\t\t\t\t\t\t\t\t\t\t\t\t<figure class=\"wp-caption\">\n\t\t\t\t\t\t\t\t\t\t\t<a href=\"https:\/\/www.clinicamanzanera.com\/wp-content\/uploads\/2024\/07\/caso-resuelto-diastema-despues.jpg\" data-elementor-open-lightbox=\"yes\" data-elementor-lightbox-title=\"caso resuelto diastema despues\" data-e-action-hash=\"#elementor-action%3Aaction%3Dlightbox%26settings%3DeyJpZCI6NzY3MTMsInVybCI6Imh0dHBzOlwvXC93d3cuY2xpbmljYW1hbnphbmVyYS5jb21cL3dwLWNvbnRlbnRcL3VwbG9hZHNcLzIwMjRcLzA3XC9jYXNvLXJlc3VlbHRvLWRpYXN0ZW1hLWRlc3B1ZXMuanBnIn0%3D\">\n\t\t\t\t\t\t\t<img decoding=\"async\" width=\"800\" height=\"520\" src=\"https:\/\/www.clinicamanzanera.com\/wp-content\/uploads\/2024\/07\/caso-resuelto-diastema-despues-1024x666.jpg\" class=\"attachment-large size-large wp-image-76713\" alt=\"caso resuelto diastema despu\u00e9s\" srcset=\"https:\/\/www.clinicamanzanera.com\/wp-content\/uploads\/2024\/07\/caso-resuelto-diastema-despues-1024x666.jpg 1024w, https:\/\/www.clinicamanzanera.com\/wp-content\/uploads\/2024\/07\/caso-resuelto-diastema-despues-640x416.jpg 640w, https:\/\/www.clinicamanzanera.com\/wp-content\/uploads\/2024\/07\/caso-resuelto-diastema-despues-768x499.jpg 768w, https:\/\/www.clinicamanzanera.com\/wp-content\/uploads\/2024\/07\/caso-resuelto-diastema-despues.jpg 1200w\" sizes=\"(max-width: 800px) 100vw, 800px\" \/>\t\t\t\t\t\t\t\t<\/a>\n\t\t\t\t\t\t\t\t\t\t\t<figcaption class=\"widget-image-caption wp-caption-text\">AFTER<\/figcaption>\n\t\t\t\t\t\t\t\t\t\t<\/figure>\n\t\t\t\t\t\t\t\t\t<\/div>\n\t\t\t\t<\/div>\n\t\t\t\t<\/div>\n\t\t<div class=\"elementor-element elementor-element-3428f18 e-con-full e-flex e-con e-child\" data-id=\"3428f18\" data-element_type=\"container\" data-e-type=\"container\">\n\t\t\t\t<div class=\"elementor-element elementor-element-a24c1d5 elementor-widget__width-initial elementor-widget elementor-widget-image\" data-id=\"a24c1d5\" data-element_type=\"widget\" data-e-type=\"widget\" data-widget_type=\"image.default\">\n\t\t\t\t<div class=\"elementor-widget-container\">\n\t\t\t\t\t\t\t\t\t\t\t\t<figure class=\"wp-caption\">\n\t\t\t\t\t\t\t\t\t\t\t<a href=\"https:\/\/www.clinicamanzanera.com\/wp-content\/uploads\/2024\/07\/carillas-porcelana-vista-lateral-antes.jpg\" data-elementor-open-lightbox=\"yes\" data-elementor-lightbox-title=\"carillas porcelana vista lateral antes\" data-e-action-hash=\"#elementor-action%3Aaction%3Dlightbox%26settings%3DeyJpZCI6NzY3MDksInVybCI6Imh0dHBzOlwvXC93d3cuY2xpbmljYW1hbnphbmVyYS5jb21cL3dwLWNvbnRlbnRcL3VwbG9hZHNcLzIwMjRcLzA3XC9jYXJpbGxhcy1wb3JjZWxhbmEtdmlzdGEtbGF0ZXJhbC1hbnRlcy5qcGcifQ%3D%3D\">\n\t\t\t\t\t\t\t<img decoding=\"async\" width=\"800\" height=\"520\" src=\"https:\/\/www.clinicamanzanera.com\/wp-content\/uploads\/2024\/07\/carillas-porcelana-vista-lateral-antes-1024x666.jpg\" class=\"attachment-large size-large wp-image-76709\" alt=\"carillas porcelana vista lateral antes\" srcset=\"https:\/\/www.clinicamanzanera.com\/wp-content\/uploads\/2024\/07\/carillas-porcelana-vista-lateral-antes-1024x666.jpg 1024w, https:\/\/www.clinicamanzanera.com\/wp-content\/uploads\/2024\/07\/carillas-porcelana-vista-lateral-antes-640x416.jpg 640w, https:\/\/www.clinicamanzanera.com\/wp-content\/uploads\/2024\/07\/carillas-porcelana-vista-lateral-antes-768x499.jpg 768w, https:\/\/www.clinicamanzanera.com\/wp-content\/uploads\/2024\/07\/carillas-porcelana-vista-lateral-antes.jpg 1200w\" sizes=\"(max-width: 800px) 100vw, 800px\" \/>\t\t\t\t\t\t\t\t<\/a>\n\t\t\t\t\t\t\t\t\t\t\t<figcaption class=\"widget-image-caption wp-caption-text\">BEFORE<\/figcaption>\n\t\t\t\t\t\t\t\t\t\t<\/figure>\n\t\t\t\t\t\t\t\t\t<\/div>\n\t\t\t\t<\/div>\n\t\t\t\t<div class=\"elementor-element elementor-element-450595a elementor-widget__width-initial elementor-widget elementor-widget-image\" data-id=\"450595a\" data-element_type=\"widget\" data-e-type=\"widget\" data-widget_type=\"image.default\">\n\t\t\t\t<div class=\"elementor-widget-container\">\n\t\t\t\t\t\t\t\t\t\t\t\t<figure class=\"wp-caption\">\n\t\t\t\t\t\t\t\t\t\t\t<a href=\"https:\/\/www.clinicamanzanera.com\/wp-content\/uploads\/2024\/07\/carillas-porcelana-vista-lateral-despues.jpg\" data-elementor-open-lightbox=\"yes\" data-elementor-lightbox-title=\"carillas porcelana vista lateral despues\" data-e-action-hash=\"#elementor-action%3Aaction%3Dlightbox%26settings%3DeyJpZCI6NzY3MDcsInVybCI6Imh0dHBzOlwvXC93d3cuY2xpbmljYW1hbnphbmVyYS5jb21cL3dwLWNvbnRlbnRcL3VwbG9hZHNcLzIwMjRcLzA3XC9jYXJpbGxhcy1wb3JjZWxhbmEtdmlzdGEtbGF0ZXJhbC1kZXNwdWVzLmpwZyJ9\">\n\t\t\t\t\t\t\t<img loading=\"lazy\" decoding=\"async\" width=\"800\" height=\"520\" src=\"https:\/\/www.clinicamanzanera.com\/wp-content\/uploads\/2024\/07\/carillas-porcelana-vista-lateral-despues-1024x666.jpg\" class=\"attachment-large size-large wp-image-76707\" alt=\"carillas porcelana vista lateral despues\" srcset=\"https:\/\/www.clinicamanzanera.com\/wp-content\/uploads\/2024\/07\/carillas-porcelana-vista-lateral-despues-1024x666.jpg 1024w, https:\/\/www.clinicamanzanera.com\/wp-content\/uploads\/2024\/07\/carillas-porcelana-vista-lateral-despues-640x416.jpg 640w, https:\/\/www.clinicamanzanera.com\/wp-content\/uploads\/2024\/07\/carillas-porcelana-vista-lateral-despues-768x499.jpg 768w, https:\/\/www.clinicamanzanera.com\/wp-content\/uploads\/2024\/07\/carillas-porcelana-vista-lateral-despues.jpg 1200w\" sizes=\"(max-width: 800px) 100vw, 800px\" \/>\t\t\t\t\t\t\t\t<\/a>\n\t\t\t\t\t\t\t\t\t\t\t<figcaption class=\"widget-image-caption wp-caption-text\">AFTER<\/figcaption>\n\t\t\t\t\t\t\t\t\t\t<\/figure>\n\t\t\t\t\t\t\t\t\t<\/div>\n\t\t\t\t<\/div>\n\t\t\t\t<\/div>\n\t\t\t\t\t<\/div>\n\t\t\t\t<\/div>\n\t\t<div class=\"elementor-element elementor-element-cbd436a e-flex e-con-boxed e-con e-parent\" data-id=\"cbd436a\" data-element_type=\"container\" data-e-type=\"container\" data-settings=\"{&quot;background_background&quot;:&quot;classic&quot;}\">\n\t\t\t\t\t<div class=\"e-con-inner\">\n\t\t\t\t<div class=\"elementor-element elementor-element-1ec3da3 elementor-widget elementor-widget-heading\" data-id=\"1ec3da3\" data-element_type=\"widget\" data-e-type=\"widget\" data-widget_type=\"heading.default\">\n\t\t\t\t<div class=\"elementor-widget-container\">\n\t\t\t\t\t<h2 class=\"elementor-heading-title elementor-size-default\"><span class=\"ez-toc-section\" id=\"Composite_Veneers\"><\/span>Composite Veneers\n<span class=\"ez-toc-section-end\"><\/span><\/h2>\t\t\t\t<\/div>\n\t\t\t\t<\/div>\n\t\t\t\t<div class=\"elementor-element elementor-element-93d15c8 elementor-widget elementor-widget-text-editor\" data-id=\"93d15c8\" data-element_type=\"widget\" data-e-type=\"widget\" data-widget_type=\"text-editor.default\">\n\t\t\t\t<div class=\"elementor-widget-container\">\n\t\t\t\t\t\t\t\t\t<p>During the treatment, we applied composite veneers to close the gaps between the teeth, correct the alignment, and achieve a uniform and natural appearance. This material allows for precise customization for each patient, offering durability and improved aesthetics.\u00a0<\/p>\t\t\t\t\t\t\t\t<\/div>\n\t\t\t\t<\/div>\n\t\t<div class=\"elementor-element elementor-element-ae5d0c4 e-con-full e-flex e-con e-child\" data-id=\"ae5d0c4\" data-element_type=\"container\" data-e-type=\"container\">\n\t\t\t\t<div class=\"elementor-element elementor-element-768fd9c elementor-widget__width-initial elementor-widget elementor-widget-image\" data-id=\"768fd9c\" data-element_type=\"widget\" data-e-type=\"widget\" data-widget_type=\"image.default\">\n\t\t\t\t<div class=\"elementor-widget-container\">\n\t\t\t\t\t\t\t\t\t\t\t\t<figure class=\"wp-caption\">\n\t\t\t\t\t\t\t\t\t\t\t<a href=\"https:\/\/www.clinicamanzanera.com\/wp-content\/uploads\/2024\/07\/caso-resuelto-diastema-antes2.jpg\" data-elementor-open-lightbox=\"yes\" data-elementor-lightbox-title=\"caso resuelto diastema antes2\" data-e-action-hash=\"#elementor-action%3Aaction%3Dlightbox%26settings%3DeyJpZCI6NzY3NTUsInVybCI6Imh0dHBzOlwvXC93d3cuY2xpbmljYW1hbnphbmVyYS5jb21cL3dwLWNvbnRlbnRcL3VwbG9hZHNcLzIwMjRcLzA3XC9jYXNvLXJlc3VlbHRvLWRpYXN0ZW1hLWFudGVzMi5qcGcifQ%3D%3D\">\n\t\t\t\t\t\t\t<img loading=\"lazy\" decoding=\"async\" width=\"800\" height=\"520\" src=\"https:\/\/www.clinicamanzanera.com\/wp-content\/uploads\/2024\/07\/caso-resuelto-diastema-antes2-1024x666.jpg\" class=\"attachment-large size-large wp-image-76755\" alt=\"caso resuelto diastema antes2\" srcset=\"https:\/\/www.clinicamanzanera.com\/wp-content\/uploads\/2024\/07\/caso-resuelto-diastema-antes2-1024x666.jpg 1024w, https:\/\/www.clinicamanzanera.com\/wp-content\/uploads\/2024\/07\/caso-resuelto-diastema-antes2-640x416.jpg 640w, https:\/\/www.clinicamanzanera.com\/wp-content\/uploads\/2024\/07\/caso-resuelto-diastema-antes2-768x499.jpg 768w, https:\/\/www.clinicamanzanera.com\/wp-content\/uploads\/2024\/07\/caso-resuelto-diastema-antes2.jpg 1200w\" sizes=\"(max-width: 800px) 100vw, 800px\" \/>\t\t\t\t\t\t\t\t<\/a>\n\t\t\t\t\t\t\t\t\t\t\t<figcaption class=\"widget-image-caption wp-caption-text\">BEFORE<\/figcaption>\n\t\t\t\t\t\t\t\t\t\t<\/figure>\n\t\t\t\t\t\t\t\t\t<\/div>\n\t\t\t\t<\/div>\n\t\t\t\t<div class=\"elementor-element elementor-element-69e92f4 elementor-widget__width-initial elementor-widget elementor-widget-image\" data-id=\"69e92f4\" data-element_type=\"widget\" data-e-type=\"widget\" data-widget_type=\"image.default\">\n\t\t\t\t<div class=\"elementor-widget-container\">\n\t\t\t\t\t\t\t\t\t\t\t\t<figure class=\"wp-caption\">\n\t\t\t\t\t\t\t\t\t\t\t<a href=\"https:\/\/www.clinicamanzanera.com\/wp-content\/uploads\/2024\/07\/caso-resuelto-diastema-despues2.jpg\" data-elementor-open-lightbox=\"yes\" data-elementor-lightbox-title=\"caso resuelto diastema despues2\" data-e-action-hash=\"#elementor-action%3Aaction%3Dlightbox%26settings%3DeyJpZCI6NzY3NTMsInVybCI6Imh0dHBzOlwvXC93d3cuY2xpbmljYW1hbnphbmVyYS5jb21cL3dwLWNvbnRlbnRcL3VwbG9hZHNcLzIwMjRcLzA3XC9jYXNvLXJlc3VlbHRvLWRpYXN0ZW1hLWRlc3B1ZXMyLmpwZyJ9\">\n\t\t\t\t\t\t\t<img loading=\"lazy\" decoding=\"async\" width=\"800\" height=\"520\" src=\"https:\/\/www.clinicamanzanera.com\/wp-content\/uploads\/2024\/07\/caso-resuelto-diastema-despues2-1024x666.jpg\" class=\"attachment-large size-large wp-image-76753\" alt=\"caso resuelto diastema despues2\" srcset=\"https:\/\/www.clinicamanzanera.com\/wp-content\/uploads\/2024\/07\/caso-resuelto-diastema-despues2-1024x666.jpg 1024w, https:\/\/www.clinicamanzanera.com\/wp-content\/uploads\/2024\/07\/caso-resuelto-diastema-despues2-640x416.jpg 640w, https:\/\/www.clinicamanzanera.com\/wp-content\/uploads\/2024\/07\/caso-resuelto-diastema-despues2-768x499.jpg 768w, https:\/\/www.clinicamanzanera.com\/wp-content\/uploads\/2024\/07\/caso-resuelto-diastema-despues2.jpg 1200w\" sizes=\"(max-width: 800px) 100vw, 800px\" \/>\t\t\t\t\t\t\t\t<\/a>\n\t\t\t\t\t\t\t\t\t\t\t<figcaption class=\"widget-image-caption wp-caption-text\">AFTER<\/figcaption>\n\t\t\t\t\t\t\t\t\t\t<\/figure>\n\t\t\t\t\t\t\t\t\t<\/div>\n\t\t\t\t<\/div>\n\t\t\t\t<\/div>\n\t\t\t\t\t<\/div>\n\t\t\t\t<\/div>\n\t\t<div class=\"elementor-element elementor-element-51bac23 e-flex e-con-boxed e-con e-parent\" data-id=\"51bac23\" data-element_type=\"container\" data-e-type=\"container\" data-settings=\"{&quot;background_background&quot;:&quot;classic&quot;}\">\n\t\t\t\t\t<div class=\"e-con-inner\">\n\t\t\t\t<div class=\"elementor-element elementor-element-5c64e36 elementor-widget elementor-widget-heading\" data-id=\"5c64e36\" data-element_type=\"widget\" data-e-type=\"widget\" data-widget_type=\"heading.default\">\n\t\t\t\t<div class=\"elementor-widget-container\">\n\t\t\t\t\t<h2 class=\"elementor-heading-title elementor-size-default\"><span class=\"ez-toc-section\" id=\"Teeth_Whitening\"><\/span>Teeth Whitening\n<span class=\"ez-toc-section-end\"><\/span><\/h2>\t\t\t\t<\/div>\n\t\t\t\t<\/div>\n\t\t\t\t<div class=\"elementor-element elementor-element-c9a3458 elementor-widget elementor-widget-text-editor\" data-id=\"c9a3458\" data-element_type=\"widget\" data-e-type=\"widget\" data-widget_type=\"text-editor.default\">\n\t\t\t\t<div class=\"elementor-widget-container\">\n\t\t\t\t\t\t\t\t\t<p>To finish, we performed a <a href=\"https:\/\/www.clinicamanzanera.com\/en\/treatments\/teeth-whitening-in-valencia\/\">teeth whitening treatment<\/a>. This additional step helped achieve a brighter and more harmonious smile, further enhancing the aesthetic results.<\/p><p>The color and shape of the teeth have been significantly improved, providing a more attractive and confident smile.<\/p>\t\t\t\t\t\t\t\t<\/div>\n\t\t\t\t<\/div>\n\t\t<div class=\"elementor-element elementor-element-7823ebd e-con-full e-flex e-con e-child\" data-id=\"7823ebd\" data-element_type=\"container\" data-e-type=\"container\">\n\t\t\t\t<div class=\"elementor-element elementor-element-07d1cd6 elementor-widget__width-initial elementor-widget elementor-widget-image\" data-id=\"07d1cd6\" data-element_type=\"widget\" data-e-type=\"widget\" data-widget_type=\"image.default\">\n\t\t\t\t<div class=\"elementor-widget-container\">\n\t\t\t\t\t\t\t\t\t\t\t\t<figure class=\"wp-caption\">\n\t\t\t\t\t\t\t\t\t\t\t<a href=\"https:\/\/www.clinicamanzanera.com\/wp-content\/uploads\/2024\/07\/blanqueamiento-dental-valencia-antes.jpg\" data-elementor-open-lightbox=\"yes\" data-elementor-lightbox-title=\"blanqueamiento dental valencia antes\" data-e-action-hash=\"#elementor-action%3Aaction%3Dlightbox%26settings%3DeyJpZCI6NzY3MDUsInVybCI6Imh0dHBzOlwvXC93d3cuY2xpbmljYW1hbnphbmVyYS5jb21cL3dwLWNvbnRlbnRcL3VwbG9hZHNcLzIwMjRcLzA3XC9ibGFucXVlYW1pZW50by1kZW50YWwtdmFsZW5jaWEtYW50ZXMuanBnIn0%3D\">\n\t\t\t\t\t\t\t<img loading=\"lazy\" decoding=\"async\" width=\"800\" height=\"520\" src=\"https:\/\/www.clinicamanzanera.com\/wp-content\/uploads\/2024\/07\/blanqueamiento-dental-valencia-antes-1024x666.jpg\" class=\"attachment-large size-large wp-image-76705\" alt=\"blanqueamiento dental valencia antes\" srcset=\"https:\/\/www.clinicamanzanera.com\/wp-content\/uploads\/2024\/07\/blanqueamiento-dental-valencia-antes-1024x666.jpg 1024w, https:\/\/www.clinicamanzanera.com\/wp-content\/uploads\/2024\/07\/blanqueamiento-dental-valencia-antes-640x416.jpg 640w, https:\/\/www.clinicamanzanera.com\/wp-content\/uploads\/2024\/07\/blanqueamiento-dental-valencia-antes-768x499.jpg 768w, https:\/\/www.clinicamanzanera.com\/wp-content\/uploads\/2024\/07\/blanqueamiento-dental-valencia-antes.jpg 1200w\" sizes=\"(max-width: 800px) 100vw, 800px\" \/>\t\t\t\t\t\t\t\t<\/a>\n\t\t\t\t\t\t\t\t\t\t\t<figcaption class=\"widget-image-caption wp-caption-text\">BEFORE<\/figcaption>\n\t\t\t\t\t\t\t\t\t\t<\/figure>\n\t\t\t\t\t\t\t\t\t<\/div>\n\t\t\t\t<\/div>\n\t\t\t\t<div class=\"elementor-element elementor-element-fe1ccf0 elementor-widget__width-initial elementor-widget elementor-widget-image\" data-id=\"fe1ccf0\" data-element_type=\"widget\" data-e-type=\"widget\" data-widget_type=\"image.default\">\n\t\t\t\t<div class=\"elementor-widget-container\">\n\t\t\t\t\t\t\t\t\t\t\t\t<figure class=\"wp-caption\">\n\t\t\t\t\t\t\t\t\t\t\t<a href=\"https:\/\/www.clinicamanzanera.com\/wp-content\/uploads\/2024\/07\/blanqueamiento-dental-valencia-antes-y-despues.jpg\" data-elementor-open-lightbox=\"yes\" data-elementor-lightbox-title=\"blanqueamiento dental valencia antes y despues\" data-e-action-hash=\"#elementor-action%3Aaction%3Dlightbox%26settings%3DeyJpZCI6NzY3MDMsInVybCI6Imh0dHBzOlwvXC93d3cuY2xpbmljYW1hbnphbmVyYS5jb21cL3dwLWNvbnRlbnRcL3VwbG9hZHNcLzIwMjRcLzA3XC9ibGFucXVlYW1pZW50by1kZW50YWwtdmFsZW5jaWEtYW50ZXMteS1kZXNwdWVzLmpwZyJ9\">\n\t\t\t\t\t\t\t<img loading=\"lazy\" decoding=\"async\" width=\"800\" height=\"520\" src=\"https:\/\/www.clinicamanzanera.com\/wp-content\/uploads\/2024\/07\/blanqueamiento-dental-valencia-antes-y-despues-1024x666.jpg\" class=\"attachment-large size-large wp-image-76703\" alt=\"blanqueamiento dental valencia antes y despues\" srcset=\"https:\/\/www.clinicamanzanera.com\/wp-content\/uploads\/2024\/07\/blanqueamiento-dental-valencia-antes-y-despues-1024x666.jpg 1024w, https:\/\/www.clinicamanzanera.com\/wp-content\/uploads\/2024\/07\/blanqueamiento-dental-valencia-antes-y-despues-640x416.jpg 640w, https:\/\/www.clinicamanzanera.com\/wp-content\/uploads\/2024\/07\/blanqueamiento-dental-valencia-antes-y-despues-768x499.jpg 768w, https:\/\/www.clinicamanzanera.com\/wp-content\/uploads\/2024\/07\/blanqueamiento-dental-valencia-antes-y-despues.jpg 1200w\" sizes=\"(max-width: 800px) 100vw, 800px\" \/>\t\t\t\t\t\t\t\t<\/a>\n\t\t\t\t\t\t\t\t\t\t\t<figcaption class=\"widget-image-caption wp-caption-text\">AFTER<\/figcaption>\n\t\t\t\t\t\t\t\t\t\t<\/figure>\n\t\t\t\t\t\t\t\t\t<\/div>\n\t\t\t\t<\/div>\n\t\t\t\t<\/div>\n\t\t\t\t\t<\/div>\n\t\t\t\t<\/div>\n\t\t<div class=\"elementor-element elementor-element-2bca18b e-flex e-con-boxed e-con e-parent\" data-id=\"2bca18b\" data-element_type=\"container\" data-e-type=\"container\">\n\t\t\t\t\t<div class=\"e-con-inner\">\n\t\t\t\t<div class=\"elementor-element elementor-element-547be1d elementor-widget elementor-widget-heading\" data-id=\"547be1d\" data-element_type=\"widget\" data-e-type=\"widget\" data-widget_type=\"heading.default\">\n\t\t\t\t<div class=\"elementor-widget-container\">\n\t\t\t\t\t<h3 class=\"elementor-heading-title elementor-size-default\"><span class=\"ez-toc-section\" id=\"Final_Smile\"><\/span>Final Smile\n\n<span class=\"ez-toc-section-end\"><\/span><\/h3>\t\t\t\t<\/div>\n\t\t\t\t<\/div>\n\t\t\t\t<div class=\"elementor-element elementor-element-36dd19b elementor-widget elementor-widget-image\" data-id=\"36dd19b\" data-element_type=\"widget\" data-e-type=\"widget\" data-widget_type=\"image.default\">\n\t\t\t\t<div class=\"elementor-widget-container\">\n\t\t\t\t\t\t\t\t\t\t\t\t\t\t\t\t<a href=\"https:\/\/www.clinicamanzanera.com\/wp-content\/uploads\/2024\/07\/sonrisa-final-carillas-de-composite.jpg\" data-elementor-open-lightbox=\"yes\" data-elementor-lightbox-title=\"sonrisa final carillas de composite\" data-e-action-hash=\"#elementor-action%3Aaction%3Dlightbox%26settings%3DeyJpZCI6NzY3MDEsInVybCI6Imh0dHBzOlwvXC93d3cuY2xpbmljYW1hbnphbmVyYS5jb21cL3dwLWNvbnRlbnRcL3VwbG9hZHNcLzIwMjRcLzA3XC9zb25yaXNhLWZpbmFsLWNhcmlsbGFzLWRlLWNvbXBvc2l0ZS5qcGcifQ%3D%3D\">\n\t\t\t\t\t\t\t<img loading=\"lazy\" decoding=\"async\" width=\"800\" height=\"520\" src=\"https:\/\/www.clinicamanzanera.com\/wp-content\/uploads\/2024\/07\/sonrisa-final-carillas-de-composite-1024x666.jpg\" class=\"attachment-large size-large wp-image-76701\" alt=\"sonrisa final carillas de composite\" srcset=\"https:\/\/www.clinicamanzanera.com\/wp-content\/uploads\/2024\/07\/sonrisa-final-carillas-de-composite-1024x666.jpg 1024w, https:\/\/www.clinicamanzanera.com\/wp-content\/uploads\/2024\/07\/sonrisa-final-carillas-de-composite-640x416.jpg 640w, https:\/\/www.clinicamanzanera.com\/wp-content\/uploads\/2024\/07\/sonrisa-final-carillas-de-composite-768x499.jpg 768w, https:\/\/www.clinicamanzanera.com\/wp-content\/uploads\/2024\/07\/sonrisa-final-carillas-de-composite.jpg 1200w\" sizes=\"(max-width: 800px) 100vw, 800px\" \/>\t\t\t\t\t\t\t\t<\/a>\n\t\t\t\t\t\t\t\t\t\t\t\t\t\t\t<\/div>\n\t\t\t\t<\/div>\n\t\t\t\t<div class=\"elementor-element elementor-element-4c30697 elementor-widget elementor-widget-text-editor\" data-id=\"4c30697\" data-element_type=\"widget\" data-e-type=\"widget\" data-widget_type=\"text-editor.default\">\n\t\t\t\t<div class=\"elementor-widget-container\">\n\t\t\t\t\t\t\t\t\t<h2><span class=\"ez-toc-section\" id=\"Treatment_Performed\"><\/span>Treatment Performed<span class=\"ez-toc-section-end\"><\/span><\/h2><p>Our team of dental aesthetics specialists used composite veneers and teeth whitening to achieve these spectacular results. These combined treatments not only allow for precise customization for each patient but also offer durability and a natural, bright appearance.\u00a0<\/p><p>At Cl\u00ednica Manzanera, we are committed to providing personalized and high-quality solutions for each of our patients. If you are looking to improve your smile, we invite you to visit us and discover how we can help you.<\/p>\t\t\t\t\t\t\t\t<\/div>\n\t\t\t\t<\/div>\n\t\t\t\t<div class=\"elementor-element elementor-element-e2afff3 elementor-icon-list--layout-traditional elementor-list-item-link-full_width elementor-widget elementor-widget-icon-list\" data-id=\"e2afff3\" data-element_type=\"widget\" data-e-type=\"widget\" data-widget_type=\"icon-list.default\">\n\t\t\t\t<div class=\"elementor-widget-container\">\n\t\t\t\t\t\t\t<ul class=\"elementor-icon-list-items\">\n\t\t\t\t\t\t\t<li class=\"elementor-icon-list-item\">\n\t\t\t\t\t\t\t\t\t\t\t<span class=\"elementor-icon-list-icon\">\n\t\t\t\t\t\t\t<i aria-hidden=\"true\" class=\"fas fa-teeth\"><\/i>\t\t\t\t\t\t<\/span>\n\t\t\t\t\t\t\t\t\t\t<span class=\"elementor-icon-list-text\">Composite Veneers<\/span>\n\t\t\t\t\t\t\t\t\t<\/li>\n\t\t\t\t\t\t\t\t<li class=\"elementor-icon-list-item\">\n\t\t\t\t\t\t\t\t\t\t\t<span class=\"elementor-icon-list-icon\">\n\t\t\t\t\t\t\t<i aria-hidden=\"true\" class=\"fas fa-teeth\"><\/i>\t\t\t\t\t\t<\/span>\n\t\t\t\t\t\t\t\t\t\t<span class=\"elementor-icon-list-text\">Teeth Whitening<\/span>\n\t\t\t\t\t\t\t\t\t<\/li>\n\t\t\t\t\t\t<\/ul>\n\t\t\t\t\t\t<\/div>\n\t\t\t\t<\/div>\n\t\t\t\t\t<\/div>\n\t\t\t\t<\/div>\n\t\t\t\t<\/div>\n\t\t\n\n<div class=\"kk-star-ratings kksr-auto kksr-align-left kksr-valign-bottom\"\n    data-payload='{&quot;align&quot;:&quot;left&quot;,&quot;id&quot;:&quot;76729&quot;,&quot;slug&quot;:&quot;default&quot;,&quot;valign&quot;:&quot;bottom&quot;,&quot;ignore&quot;:&quot;&quot;,&quot;reference&quot;:&quot;auto&quot;,&quot;class&quot;:&quot;&quot;,&quot;count&quot;:&quot;1&quot;,&quot;legendonly&quot;:&quot;&quot;,&quot;readonly&quot;:&quot;&quot;,&quot;score&quot;:&quot;5&quot;,&quot;starsonly&quot;:&quot;&quot;,&quot;best&quot;:&quot;5&quot;,&quot;gap&quot;:&quot;5&quot;,&quot;greet&quot;:&quot;Valorar post&quot;,&quot;legend&quot;:&quot;5\\\/5 - (1 vote)&quot;,&quot;size&quot;:&quot;24&quot;,&quot;title&quot;:&quot;Before and After: Composite Veneers - Case 78&quot;,&quot;width&quot;:&quot;142.5&quot;,&quot;_legend&quot;:&quot;{score}\\\/{best} - ({count} {votes})&quot;,&quot;font_factor&quot;:&quot;1.25&quot;}'>\n            \n<div class=\"kksr-stars\">\n    \n<div class=\"kksr-stars-inactive\">\n            <div class=\"kksr-star\" data-star=\"1\" style=\"padding-right: 5px\">\n            \n\n<div class=\"kksr-icon\" style=\"width: 24px; height: 24px;\"><\/div>\n        <\/div>\n            <div class=\"kksr-star\" data-star=\"2\" style=\"padding-right: 5px\">\n            \n\n<div class=\"kksr-icon\" style=\"width: 24px; height: 24px;\"><\/div>\n        <\/div>\n            <div class=\"kksr-star\" data-star=\"3\" style=\"padding-right: 5px\">\n            \n\n<div class=\"kksr-icon\" style=\"width: 24px; height: 24px;\"><\/div>\n        <\/div>\n            <div class=\"kksr-star\" data-star=\"4\" style=\"padding-right: 5px\">\n            \n\n<div class=\"kksr-icon\" style=\"width: 24px; height: 24px;\"><\/div>\n        <\/div>\n            <div class=\"kksr-star\" data-star=\"5\" style=\"padding-right: 5px\">\n            \n\n<div class=\"kksr-icon\" style=\"width: 24px; height: 24px;\"><\/div>\n        <\/div>\n    <\/div>\n    \n<div class=\"kksr-stars-active\" style=\"width: 142.5px;\">\n            <div class=\"kksr-star\" style=\"padding-right: 5px\">\n            \n\n<div class=\"kksr-icon\" style=\"width: 24px; height: 24px;\"><\/div>\n        <\/div>\n            <div class=\"kksr-star\" style=\"padding-right: 5px\">\n            \n\n<div class=\"kksr-icon\" style=\"width: 24px; height: 24px;\"><\/div>\n        <\/div>\n            <div class=\"kksr-star\" style=\"padding-right: 5px\">\n            \n\n<div class=\"kksr-icon\" style=\"width: 24px; height: 24px;\"><\/div>\n        <\/div>\n            <div class=\"kksr-star\" style=\"padding-right: 5px\">\n            \n\n<div class=\"kksr-icon\" style=\"width: 24px; height: 24px;\"><\/div>\n        <\/div>\n            <div class=\"kksr-star\" style=\"padding-right: 5px\">\n            \n\n<div class=\"kksr-icon\" style=\"width: 24px; height: 24px;\"><\/div>\n        <\/div>\n    <\/div>\n<\/div>\n                \n\n<div class=\"kksr-legend\" style=\"font-size: 19.2px;\">\n            5\/5 - (1 vote)    <\/div>\n    <\/div>\n","protected":false},"excerpt":{"rendered":"<p>At Cl\u00ednica Manzanera, we pride ourselves on transforming smiles and restoring confidence to our patients. Below, we present a before and after case that illustrates the significant impact of our composite veneers and teeth whitening treatment.\u00a0 Success Story: Composite Veneers at Cl\u00ednica Manzanera, Alc\u00e1cer Initial Situation In the initial image, you can observe a smile [&hellip;]<\/p>\n","protected":false},"author":3,"featured_media":76697,"comment_status":"open","ping_status":"closed","sticky":false,"template":"","format":"standard","meta":{"content-type":"","footnotes":""},"categories":[96,93],"tags":[],"class_list":["post-76729","post","type-post","status-publish","format-standard","has-post-thumbnail","hentry","category-facial-aesthetics","category-treated-cases"],"yoast_head":"<!-- This site is optimized with the Yoast SEO plugin v27.4 - https:\/\/yoast.com\/product\/yoast-seo-wordpress\/ -->\n<title>Before and After: Composite Veneers - Case 78 - Cl\u00ednica Manzanera<\/title>\n<meta name=\"robots\" content=\"index, follow, max-snippet:-1, max-image-preview:large, max-video-preview:-1\" \/>\n<link rel=\"canonical\" href=\"https:\/\/www.clinicamanzanera.com\/en\/treated-cases\/before-and-after-composite-veneers\/\" \/>\n<meta property=\"og:locale\" content=\"en_US\" \/>\n<meta property=\"og:type\" content=\"article\" \/>\n<meta property=\"og:title\" content=\"Before and After: Composite Veneers - Case 78 - Cl\u00ednica Manzanera\" \/>\n<meta property=\"og:description\" content=\"At Cl\u00ednica Manzanera, we pride ourselves on transforming smiles and restoring confidence to our patients. Below, we present a before and after case that illustrates the significant impact of our composite veneers and teeth whitening treatment.\u00a0 Success Story: Composite Veneers at Cl\u00ednica Manzanera, Alc\u00e1cer Initial Situation In the initial image, you can observe a smile [&hellip;]\" \/>\n<meta property=\"og:url\" content=\"https:\/\/www.clinicamanzanera.com\/en\/treated-cases\/before-and-after-composite-veneers\/\" \/>\n<meta property=\"og:site_name\" content=\"Cl\u00ednica Manzanera\" \/>\n<meta property=\"article:published_time\" content=\"2024-07-09T07:31:09+00:00\" \/>\n<meta property=\"article:modified_time\" content=\"2024-07-09T08:58:26+00:00\" \/>\n<meta property=\"og:image\" content=\"https:\/\/www.clinicamanzanera.com\/wp-content\/uploads\/2024\/07\/antes-y-despues-carillas-de-composite.jpg\" \/>\n\t<meta property=\"og:image:width\" content=\"1200\" \/>\n\t<meta property=\"og:image:height\" content=\"639\" \/>\n\t<meta property=\"og:image:type\" content=\"image\/jpeg\" \/>\n<meta name=\"author\" content=\"Ester Manzanera\" \/>\n<meta name=\"twitter:card\" content=\"summary_large_image\" \/>\n<meta name=\"twitter:label1\" content=\"Written by\" \/>\n\t<meta name=\"twitter:data1\" content=\"Ester Manzanera\" \/>\n\t<meta name=\"twitter:label2\" content=\"Est. reading time\" \/>\n\t<meta name=\"twitter:data2\" content=\"1 minute\" \/>\n<script type=\"application\/ld+json\" class=\"yoast-schema-graph\">{\"@context\":\"https:\\\/\\\/schema.org\",\"@graph\":[{\"@type\":\"Article\",\"@id\":\"https:\\\/\\\/www.clinicamanzanera.com\\\/en\\\/treated-cases\\\/before-and-after-composite-veneers\\\/#article\",\"isPartOf\":{\"@id\":\"https:\\\/\\\/www.clinicamanzanera.com\\\/en\\\/treated-cases\\\/before-and-after-composite-veneers\\\/\"},\"author\":{\"name\":\"Ester Manzanera\",\"@id\":\"https:\\\/\\\/www.clinicamanzanera.com\\\/en\\\/#\\\/schema\\\/person\\\/5c5a53cd43101e98b516e2fb635034c0\"},\"headline\":\"Before and After: Composite Veneers &#8211; Case 78\",\"datePublished\":\"2024-07-09T07:31:09+00:00\",\"dateModified\":\"2024-07-09T08:58:26+00:00\",\"mainEntityOfPage\":{\"@id\":\"https:\\\/\\\/www.clinicamanzanera.com\\\/en\\\/treated-cases\\\/before-and-after-composite-veneers\\\/\"},\"wordCount\":270,\"commentCount\":0,\"publisher\":{\"@id\":\"https:\\\/\\\/www.clinicamanzanera.com\\\/en\\\/#organization\"},\"image\":{\"@id\":\"https:\\\/\\\/www.clinicamanzanera.com\\\/en\\\/treated-cases\\\/before-and-after-composite-veneers\\\/#primaryimage\"},\"thumbnailUrl\":\"https:\\\/\\\/www.clinicamanzanera.com\\\/wp-content\\\/uploads\\\/2024\\\/07\\\/antes-y-despues-carillas-de-composite.jpg\",\"articleSection\":[\"Before and After - Facial Aesthetics\",\"Clinical Cases\"],\"inLanguage\":\"en-US\",\"potentialAction\":[{\"@type\":\"CommentAction\",\"name\":\"Comment\",\"target\":[\"https:\\\/\\\/www.clinicamanzanera.com\\\/en\\\/treated-cases\\\/before-and-after-composite-veneers\\\/#respond\"]}]},{\"@type\":\"WebPage\",\"@id\":\"https:\\\/\\\/www.clinicamanzanera.com\\\/en\\\/treated-cases\\\/before-and-after-composite-veneers\\\/\",\"url\":\"https:\\\/\\\/www.clinicamanzanera.com\\\/en\\\/treated-cases\\\/before-and-after-composite-veneers\\\/\",\"name\":\"Before and After: Composite Veneers - Case 78 - Cl\u00ednica Manzanera\",\"isPartOf\":{\"@id\":\"https:\\\/\\\/www.clinicamanzanera.com\\\/en\\\/#website\"},\"primaryImageOfPage\":{\"@id\":\"https:\\\/\\\/www.clinicamanzanera.com\\\/en\\\/treated-cases\\\/before-and-after-composite-veneers\\\/#primaryimage\"},\"image\":{\"@id\":\"https:\\\/\\\/www.clinicamanzanera.com\\\/en\\\/treated-cases\\\/before-and-after-composite-veneers\\\/#primaryimage\"},\"thumbnailUrl\":\"https:\\\/\\\/www.clinicamanzanera.com\\\/wp-content\\\/uploads\\\/2024\\\/07\\\/antes-y-despues-carillas-de-composite.jpg\",\"datePublished\":\"2024-07-09T07:31:09+00:00\",\"dateModified\":\"2024-07-09T08:58:26+00:00\",\"breadcrumb\":{\"@id\":\"https:\\\/\\\/www.clinicamanzanera.com\\\/en\\\/treated-cases\\\/before-and-after-composite-veneers\\\/#breadcrumb\"},\"inLanguage\":\"en-US\",\"potentialAction\":[{\"@type\":\"ReadAction\",\"target\":[\"https:\\\/\\\/www.clinicamanzanera.com\\\/en\\\/treated-cases\\\/before-and-after-composite-veneers\\\/\"]}]},{\"@type\":\"ImageObject\",\"inLanguage\":\"en-US\",\"@id\":\"https:\\\/\\\/www.clinicamanzanera.com\\\/en\\\/treated-cases\\\/before-and-after-composite-veneers\\\/#primaryimage\",\"url\":\"https:\\\/\\\/www.clinicamanzanera.com\\\/wp-content\\\/uploads\\\/2024\\\/07\\\/antes-y-despues-carillas-de-composite.jpg\",\"contentUrl\":\"https:\\\/\\\/www.clinicamanzanera.com\\\/wp-content\\\/uploads\\\/2024\\\/07\\\/antes-y-despues-carillas-de-composite.jpg\",\"width\":1200,\"height\":639,\"caption\":\"antes y despu\u00e9s carillas de composite\"},{\"@type\":\"BreadcrumbList\",\"@id\":\"https:\\\/\\\/www.clinicamanzanera.com\\\/en\\\/treated-cases\\\/before-and-after-composite-veneers\\\/#breadcrumb\",\"itemListElement\":[{\"@type\":\"ListItem\",\"position\":1,\"name\":\"Portada\",\"item\":\"https:\\\/\\\/www.clinicamanzanera.com\\\/en\\\/\"},{\"@type\":\"ListItem\",\"position\":2,\"name\":\"Before and After: Composite Veneers &#8211; Case 78\"}]},{\"@type\":\"WebSite\",\"@id\":\"https:\\\/\\\/www.clinicamanzanera.com\\\/en\\\/#website\",\"url\":\"https:\\\/\\\/www.clinicamanzanera.com\\\/en\\\/\",\"name\":\"Cl\u00ednica Manzanera\",\"description\":\"Odontolog\u00eda personalizada\",\"publisher\":{\"@id\":\"https:\\\/\\\/www.clinicamanzanera.com\\\/en\\\/#organization\"},\"potentialAction\":[{\"@type\":\"SearchAction\",\"target\":{\"@type\":\"EntryPoint\",\"urlTemplate\":\"https:\\\/\\\/www.clinicamanzanera.com\\\/en\\\/?s={search_term_string}\"},\"query-input\":{\"@type\":\"PropertyValueSpecification\",\"valueRequired\":true,\"valueName\":\"search_term_string\"}}],\"inLanguage\":\"en-US\"},{\"@type\":\"Organization\",\"@id\":\"https:\\\/\\\/www.clinicamanzanera.com\\\/en\\\/#organization\",\"name\":\"Cl\u00ednica Dental Manzanera\",\"url\":\"https:\\\/\\\/www.clinicamanzanera.com\\\/en\\\/\",\"logo\":{\"@type\":\"ImageObject\",\"inLanguage\":\"en-US\",\"@id\":\"https:\\\/\\\/www.clinicamanzanera.com\\\/en\\\/#\\\/schema\\\/logo\\\/image\\\/\",\"url\":\"https:\\\/\\\/www.clinicamanzanera.com\\\/wp-content\\\/uploads\\\/2021\\\/06\\\/logo.gif\",\"contentUrl\":\"https:\\\/\\\/www.clinicamanzanera.com\\\/wp-content\\\/uploads\\\/2021\\\/06\\\/logo.gif\",\"width\":295,\"height\":56,\"caption\":\"Cl\u00ednica Dental Manzanera\"},\"image\":{\"@id\":\"https:\\\/\\\/www.clinicamanzanera.com\\\/en\\\/#\\\/schema\\\/logo\\\/image\\\/\"}},{\"@type\":\"Person\",\"@id\":\"https:\\\/\\\/www.clinicamanzanera.com\\\/en\\\/#\\\/schema\\\/person\\\/5c5a53cd43101e98b516e2fb635034c0\",\"name\":\"Ester Manzanera\",\"description\":\"N\u00ba Colegiada 46002933 | Me gradu\u00e9 en Odontolog\u00eda en el a\u00f1o 2004 en la Universidad de Valencia y estoy especializada en Implantolog\u00eda, en el Master Universitario de Implantolog\u00eda y Biomateriales de la Universidad de Murcia. M\u00e1s info Ester Manzanera\"}]}<\/script>\n<!-- \/ Yoast SEO plugin. -->","yoast_head_json":{"title":"Before and After: Composite Veneers - Case 78 - Cl\u00ednica Manzanera","robots":{"index":"index","follow":"follow","max-snippet":"max-snippet:-1","max-image-preview":"max-image-preview:large","max-video-preview":"max-video-preview:-1"},"canonical":"https:\/\/www.clinicamanzanera.com\/en\/treated-cases\/before-and-after-composite-veneers\/","og_locale":"en_US","og_type":"article","og_title":"Before and After: Composite Veneers - Case 78 - Cl\u00ednica Manzanera","og_description":"At Cl\u00ednica Manzanera, we pride ourselves on transforming smiles and restoring confidence to our patients. Below, we present a before and after case that illustrates the significant impact of our composite veneers and teeth whitening treatment.\u00a0 Success Story: Composite Veneers at Cl\u00ednica Manzanera, Alc\u00e1cer Initial Situation In the initial image, you can observe a smile [&hellip;]","og_url":"https:\/\/www.clinicamanzanera.com\/en\/treated-cases\/before-and-after-composite-veneers\/","og_site_name":"Cl\u00ednica Manzanera","article_published_time":"2024-07-09T07:31:09+00:00","article_modified_time":"2024-07-09T08:58:26+00:00","og_image":[{"width":1200,"height":639,"url":"https:\/\/www.clinicamanzanera.com\/wp-content\/uploads\/2024\/07\/antes-y-despues-carillas-de-composite.jpg","type":"image\/jpeg"}],"author":"Ester Manzanera","twitter_card":"summary_large_image","twitter_misc":{"Written by":"Ester Manzanera","Est. reading time":"1 minute"},"schema":{"@context":"https:\/\/schema.org","@graph":[{"@type":"Article","@id":"https:\/\/www.clinicamanzanera.com\/en\/treated-cases\/before-and-after-composite-veneers\/#article","isPartOf":{"@id":"https:\/\/www.clinicamanzanera.com\/en\/treated-cases\/before-and-after-composite-veneers\/"},"author":{"name":"Ester Manzanera","@id":"https:\/\/www.clinicamanzanera.com\/en\/#\/schema\/person\/5c5a53cd43101e98b516e2fb635034c0"},"headline":"Before and After: Composite Veneers &#8211; Case 78","datePublished":"2024-07-09T07:31:09+00:00","dateModified":"2024-07-09T08:58:26+00:00","mainEntityOfPage":{"@id":"https:\/\/www.clinicamanzanera.com\/en\/treated-cases\/before-and-after-composite-veneers\/"},"wordCount":270,"commentCount":0,"publisher":{"@id":"https:\/\/www.clinicamanzanera.com\/en\/#organization"},"image":{"@id":"https:\/\/www.clinicamanzanera.com\/en\/treated-cases\/before-and-after-composite-veneers\/#primaryimage"},"thumbnailUrl":"https:\/\/www.clinicamanzanera.com\/wp-content\/uploads\/2024\/07\/antes-y-despues-carillas-de-composite.jpg","articleSection":["Before and After - Facial Aesthetics","Clinical Cases"],"inLanguage":"en-US","potentialAction":[{"@type":"CommentAction","name":"Comment","target":["https:\/\/www.clinicamanzanera.com\/en\/treated-cases\/before-and-after-composite-veneers\/#respond"]}]},{"@type":"WebPage","@id":"https:\/\/www.clinicamanzanera.com\/en\/treated-cases\/before-and-after-composite-veneers\/","url":"https:\/\/www.clinicamanzanera.com\/en\/treated-cases\/before-and-after-composite-veneers\/","name":"Before and After: Composite Veneers - Case 78 - Cl\u00ednica Manzanera","isPartOf":{"@id":"https:\/\/www.clinicamanzanera.com\/en\/#website"},"primaryImageOfPage":{"@id":"https:\/\/www.clinicamanzanera.com\/en\/treated-cases\/before-and-after-composite-veneers\/#primaryimage"},"image":{"@id":"https:\/\/www.clinicamanzanera.com\/en\/treated-cases\/before-and-after-composite-veneers\/#primaryimage"},"thumbnailUrl":"https:\/\/www.clinicamanzanera.com\/wp-content\/uploads\/2024\/07\/antes-y-despues-carillas-de-composite.jpg","datePublished":"2024-07-09T07:31:09+00:00","dateModified":"2024-07-09T08:58:26+00:00","breadcrumb":{"@id":"https:\/\/www.clinicamanzanera.com\/en\/treated-cases\/before-and-after-composite-veneers\/#breadcrumb"},"inLanguage":"en-US","potentialAction":[{"@type":"ReadAction","target":["https:\/\/www.clinicamanzanera.com\/en\/treated-cases\/before-and-after-composite-veneers\/"]}]},{"@type":"ImageObject","inLanguage":"en-US","@id":"https:\/\/www.clinicamanzanera.com\/en\/treated-cases\/before-and-after-composite-veneers\/#primaryimage","url":"https:\/\/www.clinicamanzanera.com\/wp-content\/uploads\/2024\/07\/antes-y-despues-carillas-de-composite.jpg","contentUrl":"https:\/\/www.clinicamanzanera.com\/wp-content\/uploads\/2024\/07\/antes-y-despues-carillas-de-composite.jpg","width":1200,"height":639,"caption":"antes y despu\u00e9s carillas de composite"},{"@type":"BreadcrumbList","@id":"https:\/\/www.clinicamanzanera.com\/en\/treated-cases\/before-and-after-composite-veneers\/#breadcrumb","itemListElement":[{"@type":"ListItem","position":1,"name":"Portada","item":"https:\/\/www.clinicamanzanera.com\/en\/"},{"@type":"ListItem","position":2,"name":"Before and After: Composite Veneers &#8211; Case 78"}]},{"@type":"WebSite","@id":"https:\/\/www.clinicamanzanera.com\/en\/#website","url":"https:\/\/www.clinicamanzanera.com\/en\/","name":"Cl\u00ednica Manzanera","description":"Odontolog\u00eda personalizada","publisher":{"@id":"https:\/\/www.clinicamanzanera.com\/en\/#organization"},"potentialAction":[{"@type":"SearchAction","target":{"@type":"EntryPoint","urlTemplate":"https:\/\/www.clinicamanzanera.com\/en\/?s={search_term_string}"},"query-input":{"@type":"PropertyValueSpecification","valueRequired":true,"valueName":"search_term_string"}}],"inLanguage":"en-US"},{"@type":"Organization","@id":"https:\/\/www.clinicamanzanera.com\/en\/#organization","name":"Cl\u00ednica Dental Manzanera","url":"https:\/\/www.clinicamanzanera.com\/en\/","logo":{"@type":"ImageObject","inLanguage":"en-US","@id":"https:\/\/www.clinicamanzanera.com\/en\/#\/schema\/logo\/image\/","url":"https:\/\/www.clinicamanzanera.com\/wp-content\/uploads\/2021\/06\/logo.gif","contentUrl":"https:\/\/www.clinicamanzanera.com\/wp-content\/uploads\/2021\/06\/logo.gif","width":295,"height":56,"caption":"Cl\u00ednica Dental Manzanera"},"image":{"@id":"https:\/\/www.clinicamanzanera.com\/en\/#\/schema\/logo\/image\/"}},{"@type":"Person","@id":"https:\/\/www.clinicamanzanera.com\/en\/#\/schema\/person\/5c5a53cd43101e98b516e2fb635034c0","name":"Ester Manzanera","description":"N\u00ba Colegiada 46002933 | Me gradu\u00e9 en Odontolog\u00eda en el a\u00f1o 2004 en la Universidad de Valencia y estoy especializada en Implantolog\u00eda, en el Master Universitario de Implantolog\u00eda y Biomateriales de la Universidad de Murcia. M\u00e1s info Ester Manzanera"}]}},"_links":{"self":[{"href":"https:\/\/www.clinicamanzanera.com\/en\/wp-json\/wp\/v2\/posts\/76729","targetHints":{"allow":["GET"]}}],"collection":[{"href":"https:\/\/www.clinicamanzanera.com\/en\/wp-json\/wp\/v2\/posts"}],"about":[{"href":"https:\/\/www.clinicamanzanera.com\/en\/wp-json\/wp\/v2\/types\/post"}],"author":[{"embeddable":true,"href":"https:\/\/www.clinicamanzanera.com\/en\/wp-json\/wp\/v2\/users\/3"}],"replies":[{"embeddable":true,"href":"https:\/\/www.clinicamanzanera.com\/en\/wp-json\/wp\/v2\/comments?post=76729"}],"version-history":[{"count":0,"href":"https:\/\/www.clinicamanzanera.com\/en\/wp-json\/wp\/v2\/posts\/76729\/revisions"}],"wp:featuredmedia":[{"embeddable":true,"href":"https:\/\/www.clinicamanzanera.com\/en\/wp-json\/wp\/v2\/media\/76697"}],"wp:attachment":[{"href":"https:\/\/www.clinicamanzanera.com\/en\/wp-json\/wp\/v2\/media?parent=76729"}],"wp:term":[{"taxonomy":"category","embeddable":true,"href":"https:\/\/www.clinicamanzanera.com\/en\/wp-json\/wp\/v2\/categories?post=76729"},{"taxonomy":"post_tag","embeddable":true,"href":"https:\/\/www.clinicamanzanera.com\/en\/wp-json\/wp\/v2\/tags?post=76729"}],"curies":[{"name":"wp","href":"https:\/\/api.w.org\/{rel}","templated":true}]}}